{"id":5726,"date":"2012-12-28T21:18:00","date_gmt":"2012-12-28T23:18:00","guid":{"rendered":"https:\/\/www.cesrei.edu.br\/repositorio\/?p=5726"},"modified":"2024-10-28T21:27:20","modified_gmt":"2024-10-29T00:27:20","slug":"o-valor-da-marca-na-percepcao-das-clientes-um-estudo-de-caso-da-demillus-em-lagoa-seca-pb","status":"publish","type":"post","link":"https:\/\/www.cesrei.edu.br\/repositorio\/2012\/12\/28\/o-valor-da-marca-na-percepcao-das-clientes-um-estudo-de-caso-da-demillus-em-lagoa-seca-pb\/","title":{"rendered":"O valor da marca na percep\u00e7\u00e3o das clientes: um estudo de caso da DeMillus em Lagoa Seca-PB"},"content":{"rendered":"\n<p>A marca \u00e9 pe\u00e7a fundamental no planejamento de marketing, praticamente tudo pode ser comercializado com uma marca espec\u00edfica. Aos bens e servi\u00e7os oferecidos no mercado, s\u00e3o atribu\u00eddos valores psicol\u00f3gicos percept\u00edveis pelos consumidores atrav\u00e9s dos est\u00edmulos sensoriais que criam a identidade de uma marca. Neste mercado competitivo no qual produtos s\u00e3o ofertados em grande quantidade, com diferen\u00e7as quase que impercept\u00edveis, a marca atua como diferencial competitivo atrav\u00e9s de um conjunto de elementos capazes de estabelecer uma rela\u00e7\u00e3o de expressividade que distingue um produto do seu concorrente. Face ao exposto, este trabalho teve como objetivo analisar o valor da marca DeMillus na percep\u00e7\u00e3o das consumidoras em Lagoa Seca-PB. O modelo metodol\u00f3gico adotado foi um estudo de caso, seguido de pesquisas explorat\u00f3ria, descritiva, de campo e bibliogr\u00e1fica, bem como pesquisa quantitativa e qualitativa, abrangendo uma popula\u00e7\u00e3o amostral, por crit\u00e9rio de acessibilidade, de 20 consumidoras da marca DeMillus, em Lagoa Seca-PB. O instrumento de pesquisa utilizado foi um question\u00e1rio composto de 20 quest\u00f5es objetivas relacionadas \u00e0 proemin\u00eancia da marca, imagem da marca, desempenho, sentimentos relacionados \u00e0 marca, julgamentos e resson\u00e2ncia. Para elabora\u00e7\u00e3o do question\u00e1rio levou-se em considera\u00e7\u00e3o os elementos constitutivos da pir\u00e2mide de constru\u00e7\u00e3o de brand equity citados por Keller e Machado (2006). Tamb\u00e9m foi utilizada a escala Likert para a demonstra\u00e7\u00e3o dos resultados, que admitiu respostas de 01 a 05 pontos, com op\u00e7\u00f5es entre &#8220;discordo totalmente&#8221; at\u00e9 &#8220;concordo totalmente&#8221;. Verificou-se que em todos os elementos da marca DeMillus avaliados nesta pesquisa, a grande maioria &#8220;concordou&#8221; com todas as assertivas expostas. Registrando-se maiores \u00edndices de &#8220;concord\u00e2ncia&#8221; em rela\u00e7\u00e3o ao conjunto de assertivas do elemento &#8220;desempenho&#8221; e o menor \u00edndice de &#8220;concord\u00e2ncia&#8221; para o elemento &#8220;proemin\u00eancia&#8221; que se refere \u00e0 frequ\u00eancia com que as consumidoras pensam na marca. Destacando-se, que esta foi a quest\u00e3o com maior \u00edndice de neutralidade. Portanto, percebeu-se que a marca DeMillus dever\u00e1 investir em publicidade para que possa enaltecer e tornar mais vis\u00edvel \u00e0 marca, pois esta acaba sendo um ponto fraco da marca.<\/p>\n\n\n\n<p><strong>DATA<\/strong>: 2012<\/p>\n\n\n\n<p><strong>AUTOR:\u00a0<\/strong>Dayanne Mirena de Souza Rocha<\/p>\n\n\n\n<p><strong>ORIENTA\u00c7\u00c3O:&nbsp;<\/strong>Maria Dilma Guedes<\/p>\n\n\n\n<p><strong>TIPO DE PUBLICA\u00c7\u00c3O:<\/strong>&nbsp;Monografia<\/p>\n\n\n\n<p><strong>\u00c1REA DE CONHECIMENTO:&nbsp;<\/strong>Ci\u00eancias Sociais \u2013 Publicidade<\/p>\n\n\n\n<div data-wp-interactive=\"\" class=\"wp-block-file\"><object data-wp-bind--hidden=\"!selectors.core.file.hasPdfPreview\" hidden class=\"wp-block-file__embed\" data=\"https:\/\/www.cesrei.edu.br\/repositorio\/wp-content\/uploads\/2024\/10\/Dayanne-Mirena-de-Souza-Rocha-TCC-2012.pdf\" type=\"application\/pdf\" style=\"width:100%;height:600px\" aria-label=\"Incorporado de Dayanne-Mirena-de-Souza-Rocha-TCC-2012.\"><\/object><a id=\"wp-block-file--media-2515f46e-fc3b-414d-b9c2-2e781b36f542\" href=\"https:\/\/www.cesrei.edu.br\/repositorio\/wp-content\/uploads\/2024\/10\/Dayanne-Mirena-de-Souza-Rocha-TCC-2012.pdf\">Dayanne-Mirena-de-Souza-Rocha-TCC-2012<\/a><a href=\"https:\/\/www.cesrei.edu.br\/repositorio\/wp-content\/uploads\/2024\/10\/Dayanne-Mirena-de-Souza-Rocha-TCC-2012.pdf\" class=\"wp-block-file__button wp-element-button\" download aria-describedby=\"wp-block-file--media-2515f46e-fc3b-414d-b9c2-2e781b36f542\">Baixar<\/a><\/div>\n","protected":false},"excerpt":{"rendered":"<p>A marca \u00e9 pe\u00e7a fundamental no planejamento de marketing, praticamente tudo pode ser comercializado com uma marca espec\u00edfica. Aos bens e servi\u00e7os oferecidos no mercado, s\u00e3o atribu\u00eddos valores psicol\u00f3gicos percept\u00edveis pelos consumidores atrav\u00e9s dos est\u00edmulos sensoriais que criam a identidade de uma marca. Neste mercado competitivo no qual produtos s\u00e3o ofertados em grande quantidade, com [&hellip;]<\/p>\n","protected":false},"author":1,"featured_media":0,"comment_status":"open","ping_status":"open","sticky":false,"template":"","format":"standard","meta":{"footnotes":""},"categories":[5],"tags":[16,19],"_links":{"self":[{"href":"https:\/\/www.cesrei.edu.br\/repositorio\/wp-json\/wp\/v2\/posts\/5726"}],"collection":[{"href":"https:\/\/www.cesrei.edu.br\/repositorio\/wp-json\/wp\/v2\/posts"}],"about":[{"href":"https:\/\/www.cesrei.edu.br\/repositorio\/wp-json\/wp\/v2\/types\/post"}],"author":[{"embeddable":true,"href":"https:\/\/www.cesrei.edu.br\/repositorio\/wp-json\/wp\/v2\/users\/1"}],"replies":[{"embeddable":true,"href":"https:\/\/www.cesrei.edu.br\/repositorio\/wp-json\/wp\/v2\/comments?post=5726"}],"version-history":[{"count":2,"href":"https:\/\/www.cesrei.edu.br\/repositorio\/wp-json\/wp\/v2\/posts\/5726\/revisions"}],"predecessor-version":[{"id":5729,"href":"https:\/\/www.cesrei.edu.br\/repositorio\/wp-json\/wp\/v2\/posts\/5726\/revisions\/5729"}],"wp:attachment":[{"href":"https:\/\/www.cesrei.edu.br\/repositorio\/wp-json\/wp\/v2\/media?parent=5726"}],"wp:term":[{"taxonomy":"category","embeddable":true,"href":"https:\/\/www.cesrei.edu.br\/repositorio\/wp-json\/wp\/v2\/categories?post=5726"},{"taxonomy":"post_tag","embeddable":true,"href":"https:\/\/www.cesrei.edu.br\/repositorio\/wp-json\/wp\/v2\/tags?post=5726"}],"curies":[{"name":"wp","href":"https:\/\/api.w.org\/{rel}","templated":true}]}}