{"id":5714,"date":"2012-12-28T18:40:00","date_gmt":"2012-12-28T20:40:00","guid":{"rendered":"https:\/\/www.cesrei.edu.br\/repositorio\/?p=5714"},"modified":"2024-10-25T18:49:27","modified_gmt":"2024-10-25T21:49:27","slug":"a-construcao-do-sujeito-ex-presidiario-em-propagandas-do-conselho-nacional-de-justica","status":"publish","type":"post","link":"https:\/\/www.cesrei.edu.br\/repositorio\/2012\/12\/28\/a-construcao-do-sujeito-ex-presidiario-em-propagandas-do-conselho-nacional-de-justica\/","title":{"rendered":"A constru\u00e7\u00e3o do sujeito ex-presidi\u00e1rio em propagandas do Conselho Nacional de Justi\u00e7a"},"content":{"rendered":"\n<p>Quando um ex-presidi\u00e1rio deixa o sistema prisional, a condena\u00e7\u00e3o j\u00e1 lhe produziu marcas pelas quais a sociedade provavelmente continuar\u00e1 lhe punindo e excluindo do conv\u00edvio social, mesmo tendo cumprido sua pena. A fim de promover a reinser\u00e7\u00e3o de presos e egressos do sistema prisional e diminuir a reincid\u00eancia de crimes, o Conselho Nacional de Justi\u00e7a CNJ lan\u00e7ou em 2009 o Programa Come\u00e7ar de Novo para mobilizar \u00f3rg\u00e3os p\u00fablicos e sociedade civil a conceder trabalho e apoio t\u00e9cnico a presos e egressos do sistema carcer\u00e1rio. Esse trabalho tem por objetivo entender como as imagens reproduzidas nas propagandas do Come\u00e7ar de Novo materializam representa\u00e7\u00f5es sociais sobre o sujeito ex- presidi\u00e1rio e como convergem para fortalecer uma mem\u00f3ria discursiva sobre novas pr\u00e1ticas sociais e a identidade desse sujeito. Para an\u00e1lise contamos com embasamento te\u00f3rico e metodol\u00f3gico dos estudos da An\u00e1lise de Discurso Francesa (ADF) e dos estudos culturais sobre Identidade realizados por Stuart Hall. Os textos publicit\u00e1rios, produzidos em VTs para divulga\u00e7\u00e3o do Come\u00e7ar de Novo, materializam dizeres sobre o ex- presidi\u00e1rio que deslocam daquelas antigas concep\u00e7\u00f5es negativas, inscritas na mem\u00f3ria discursiva, sobre esse sujeito social. Tomando discursos cotidianos, religiosos e at\u00e9 mesmo dos costumes populares, o CNJ atrav\u00e9s da voz de autoridade que lhe \u00e9 concedida, por se tratar de um \u00f3rg\u00e3o da justi\u00e7a, procura legitimar um discurso de aceita\u00e7\u00e3o do ex- presidi\u00e1rio, (re)significando um j\u00e1-dito e (re)construindo para esse sujeito uma novo identidade. A voz de autoridade do CNJ intima a sociedade a participar do processo de ressocializa\u00e7\u00e3o e tamb\u00e9m constroi para si a imagem de um \u00f3rg\u00e3o que n\u00e3o s\u00f3 vigia e pune, mas que tamb\u00e9m ressocializa e educa.<\/p>\n\n\n\n<p><strong>DATA<\/strong>: 2012<\/p>\n\n\n\n<p><strong>AUTOR:&nbsp;<\/strong>C\u00edntia de Sousa Maciel<\/p>\n\n\n\n<p><strong>ORIENTA\u00c7\u00c3O:&nbsp;<\/strong>Adriana Rodrigues Pereira de Souza<\/p>\n\n\n\n<p><strong>TIPO DE PUBLICA\u00c7\u00c3O:<\/strong>&nbsp;Monografia<\/p>\n\n\n\n<p><strong>\u00c1REA DE CONHECIMENTO:&nbsp;<\/strong>Ci\u00eancias Sociais \u2013 Publicidade<\/p>\n\n\n\n<div data-wp-interactive=\"\" class=\"wp-block-file\"><object data-wp-bind--hidden=\"!selectors.core.file.hasPdfPreview\" hidden class=\"wp-block-file__embed\" data=\"https:\/\/www.cesrei.edu.br\/repositorio\/wp-content\/uploads\/2024\/10\/Cintia-de-Sousa-Maciel-TCC-2012.pdf\" type=\"application\/pdf\" style=\"width:100%;height:600px\" aria-label=\"Incorporado de Cintia-de-Sousa-Maciel-TCC-2012.\"><\/object><a id=\"wp-block-file--media-750734c3-733f-4d0c-ace9-e33802b6a266\" href=\"https:\/\/www.cesrei.edu.br\/repositorio\/wp-content\/uploads\/2024\/10\/Cintia-de-Sousa-Maciel-TCC-2012.pdf\">Cintia-de-Sousa-Maciel-TCC-2012<\/a><a href=\"https:\/\/www.cesrei.edu.br\/repositorio\/wp-content\/uploads\/2024\/10\/Cintia-de-Sousa-Maciel-TCC-2012.pdf\" class=\"wp-block-file__button wp-element-button\" download aria-describedby=\"wp-block-file--media-750734c3-733f-4d0c-ace9-e33802b6a266\">Baixar<\/a><\/div>\n","protected":false},"excerpt":{"rendered":"<p>Quando um ex-presidi\u00e1rio deixa o sistema prisional, a condena\u00e7\u00e3o j\u00e1 lhe produziu marcas pelas quais a sociedade provavelmente continuar\u00e1 lhe punindo e excluindo do conv\u00edvio social, mesmo tendo cumprido sua pena. A fim de promover a reinser\u00e7\u00e3o de presos e egressos do sistema prisional e diminuir a reincid\u00eancia de crimes, o Conselho Nacional de Justi\u00e7a [&hellip;]<\/p>\n","protected":false},"author":1,"featured_media":0,"comment_status":"open","ping_status":"open","sticky":false,"template":"","format":"standard","meta":{"footnotes":""},"categories":[5],"tags":[16,19],"_links":{"self":[{"href":"https:\/\/www.cesrei.edu.br\/repositorio\/wp-json\/wp\/v2\/posts\/5714"}],"collection":[{"href":"https:\/\/www.cesrei.edu.br\/repositorio\/wp-json\/wp\/v2\/posts"}],"about":[{"href":"https:\/\/www.cesrei.edu.br\/repositorio\/wp-json\/wp\/v2\/types\/post"}],"author":[{"embeddable":true,"href":"https:\/\/www.cesrei.edu.br\/repositorio\/wp-json\/wp\/v2\/users\/1"}],"replies":[{"embeddable":true,"href":"https:\/\/www.cesrei.edu.br\/repositorio\/wp-json\/wp\/v2\/comments?post=5714"}],"version-history":[{"count":1,"href":"https:\/\/www.cesrei.edu.br\/repositorio\/wp-json\/wp\/v2\/posts\/5714\/revisions"}],"predecessor-version":[{"id":5716,"href":"https:\/\/www.cesrei.edu.br\/repositorio\/wp-json\/wp\/v2\/posts\/5714\/revisions\/5716"}],"wp:attachment":[{"href":"https:\/\/www.cesrei.edu.br\/repositorio\/wp-json\/wp\/v2\/media?parent=5714"}],"wp:term":[{"taxonomy":"category","embeddable":true,"href":"https:\/\/www.cesrei.edu.br\/repositorio\/wp-json\/wp\/v2\/categories?post=5714"},{"taxonomy":"post_tag","embeddable":true,"href":"https:\/\/www.cesrei.edu.br\/repositorio\/wp-json\/wp\/v2\/tags?post=5714"}],"curies":[{"name":"wp","href":"https:\/\/api.w.org\/{rel}","templated":true}]}}