{"id":5645,"date":"2012-12-28T19:08:00","date_gmt":"2012-12-28T21:08:00","guid":{"rendered":"https:\/\/www.cesrei.edu.br\/repositorio\/?p=5645"},"modified":"2024-09-16T19:18:23","modified_gmt":"2024-09-16T22:18:23","slug":"interdiscursividade-e-representacoes-sociais-do-feminino-nos-textos-publicitarios-da-loja-ca","status":"publish","type":"post","link":"https:\/\/www.cesrei.edu.br\/repositorio\/2012\/12\/28\/interdiscursividade-e-representacoes-sociais-do-feminino-nos-textos-publicitarios-da-loja-ca\/","title":{"rendered":"(Inter)discursividade e representa\u00e7\u00f5es sociais do feminino nos textos publicit\u00e1rios da Loja C&amp;A"},"content":{"rendered":"\n<p>Dados hist\u00f3ricos evidenciam que o ser humano, desde o mais primitivo, al\u00e9m de buscar por suas melhorias e reconhecimento por parte do seu povo, sempre se preocupou com sua apar\u00eancia, e um dos aspectos que enfatiza isto \u00e9 a roupa, que teve a princ\u00edpio um car\u00e1ter de cuidado e prote\u00e7\u00e3o do corpo, uma necessidade f\u00edsica e, posteriormente, de forma expl\u00edcita ou silenciada, o discurso de status, de estilo, ponto de diferen\u00e7a entre as classes sociais e demonstra\u00e7\u00e3o de poder. Ap\u00f3s s\u00e9culos, esses aspectos n\u00e3o mudaram, ganharam mais for\u00e7a e intensificaram diferen\u00e7as, como tamb\u00e9m ainda marcam a evolu\u00e7\u00e3o do sentindo de vestir para o homem. Nesse contexto, a roupa foi perdendo seu car\u00e1ter artesanal e passando a ser produzida em grande escala. O advento da m\u00e1quina fez surgir \u00e0 democratiza\u00e7\u00e3o da moda, o desenvolvimento do pr\u00eat-\u00e0-porter (pronto para usar) e as lojas de departamento, o que era para poucos passou a ser disponibilizado para todos. Nesse estudo, a partir dos pressupostos te\u00f3ricos da An\u00e1lise de Discurso Francesa (ADF) e dos estudos culturais sobre Identidade, analisamos como nos textos publicit\u00e1rios da loja C&amp;A, uma loja de departamento que n\u00e3o disp\u00f5e de pe\u00e7as exclusivas nas suas vitrines e araras e atende as classes populares, materializam os discursos de exclusividade, do chique, do glamour e do luxo &#8211; representa\u00e7\u00f5es sociais que trazem uma mem\u00f3ria discursiva das Maisons &#8211; e como (re)constroem as imagens discursivas do poder feminino. O trabalho contribui para entender como a loja de departamento C&amp;A sustenta imagens simb\u00f3licas do discurso da moda e de suas representa\u00e7\u00f5es sociais ligadas \u00e0s imagens das Maisons e da mulher.<strong><\/strong><\/p>\n\n\n\n<p><strong>DATA<\/strong>: 2012<\/p>\n\n\n\n<p><strong>AUTOR:\u00a0<\/strong>Ana Cl\u00e1udia da Silva Souza<\/p>\n\n\n\n<p><strong>ORIENTA\u00c7\u00c3O:&nbsp;<\/strong>Adriana Rodrigues Pereira de Souza<\/p>\n\n\n\n<p><strong>TIPO DE PUBLICA\u00c7\u00c3O:<\/strong>&nbsp;Monografia<\/p>\n\n\n\n<p><strong>\u00c1REA DE CONHECIMENTO:&nbsp;<\/strong>Ci\u00eancias Sociais \u2013 Publicidade<\/p>\n\n\n\n<div data-wp-interactive=\"\" class=\"wp-block-file\"><object data-wp-bind--hidden=\"!selectors.core.file.hasPdfPreview\" hidden class=\"wp-block-file__embed\" data=\"https:\/\/www.cesrei.edu.br\/repositorio\/wp-content\/uploads\/2024\/09\/ANA-CLAUDIA-DA-SILVA-SOUZA-TCC-2012.pdf\" type=\"application\/pdf\" style=\"width:100%;height:600px\" aria-label=\"Incorporado de ANA-CLAUDIA-DA-SILVA-SOUZA-TCC-2012.\"><\/object><a id=\"wp-block-file--media-548080b1-c33f-4fc6-8503-7fbcdf47eae4\" href=\"https:\/\/www.cesrei.edu.br\/repositorio\/wp-content\/uploads\/2024\/09\/ANA-CLAUDIA-DA-SILVA-SOUZA-TCC-2012.pdf\">ANA-CLAUDIA-DA-SILVA-SOUZA-TCC-2012<\/a><a href=\"https:\/\/www.cesrei.edu.br\/repositorio\/wp-content\/uploads\/2024\/09\/ANA-CLAUDIA-DA-SILVA-SOUZA-TCC-2012.pdf\" class=\"wp-block-file__button wp-element-button\" download aria-describedby=\"wp-block-file--media-548080b1-c33f-4fc6-8503-7fbcdf47eae4\">Baixar<\/a><\/div>\n","protected":false},"excerpt":{"rendered":"<p>Dados hist\u00f3ricos evidenciam que o ser humano, desde o mais primitivo, al\u00e9m de buscar por suas melhorias e reconhecimento por parte do seu povo, sempre se preocupou com sua apar\u00eancia, e um dos aspectos que enfatiza isto \u00e9 a roupa, que teve a princ\u00edpio um car\u00e1ter de cuidado e prote\u00e7\u00e3o do corpo, uma necessidade f\u00edsica [&hellip;]<\/p>\n","protected":false},"author":1,"featured_media":0,"comment_status":"open","ping_status":"open","sticky":false,"template":"","format":"standard","meta":{"footnotes":""},"categories":[5],"tags":[16,19],"_links":{"self":[{"href":"https:\/\/www.cesrei.edu.br\/repositorio\/wp-json\/wp\/v2\/posts\/5645"}],"collection":[{"href":"https:\/\/www.cesrei.edu.br\/repositorio\/wp-json\/wp\/v2\/posts"}],"about":[{"href":"https:\/\/www.cesrei.edu.br\/repositorio\/wp-json\/wp\/v2\/types\/post"}],"author":[{"embeddable":true,"href":"https:\/\/www.cesrei.edu.br\/repositorio\/wp-json\/wp\/v2\/users\/1"}],"replies":[{"embeddable":true,"href":"https:\/\/www.cesrei.edu.br\/repositorio\/wp-json\/wp\/v2\/comments?post=5645"}],"version-history":[{"count":1,"href":"https:\/\/www.cesrei.edu.br\/repositorio\/wp-json\/wp\/v2\/posts\/5645\/revisions"}],"predecessor-version":[{"id":5647,"href":"https:\/\/www.cesrei.edu.br\/repositorio\/wp-json\/wp\/v2\/posts\/5645\/revisions\/5647"}],"wp:attachment":[{"href":"https:\/\/www.cesrei.edu.br\/repositorio\/wp-json\/wp\/v2\/media?parent=5645"}],"wp:term":[{"taxonomy":"category","embeddable":true,"href":"https:\/\/www.cesrei.edu.br\/repositorio\/wp-json\/wp\/v2\/categories?post=5645"},{"taxonomy":"post_tag","embeddable":true,"href":"https:\/\/www.cesrei.edu.br\/repositorio\/wp-json\/wp\/v2\/tags?post=5645"}],"curies":[{"name":"wp","href":"https:\/\/api.w.org\/{rel}","templated":true}]}}