{"id":5639,"date":"2014-09-10T20:29:00","date_gmt":"2014-09-10T23:29:00","guid":{"rendered":"https:\/\/www.cesrei.edu.br\/repositorio\/?p=5639"},"modified":"2024-09-10T21:02:30","modified_gmt":"2024-09-11T00:02:30","slug":"a-floresta-de-signos-no-facebook-uma-abordagem-semiotica-de-ferramentas-comunicacionais-da-maior-rede-social-ja-criada","status":"publish","type":"post","link":"https:\/\/www.cesrei.edu.br\/repositorio\/2014\/09\/10\/a-floresta-de-signos-no-facebook-uma-abordagem-semiotica-de-ferramentas-comunicacionais-da-maior-rede-social-ja-criada\/","title":{"rendered":"A floresta de signos no Facebook: uma abordagem semi\u00f3tica de ferramentas comunicacionais da maior rede social j\u00e1 criada"},"content":{"rendered":"\n<p>O presente trabalho se debru\u00e7a sobre os signos do Facebook, analisando, sob o prisma semi\u00f3tico, ferramentas comunicacionais da maior rede social j\u00e1 criada. O referencial te\u00f3rico e a metodologia foram enriquecidos pela Semi\u00f3tica de Charles Peirce (2012) e outros semi\u00f3ticos, em um passeio atrav\u00e9s do conceito de signos, cores, som e formas da rede social, especificamente dos \u00edcones de sua interface gr\u00e1fica. Semioticamente, o processo de significa\u00e7\u00e3o compreende tr\u00eas n\u00edveis de percep\u00e7\u00e3o os quais Peirce chama de: Primeiridade, Secundidade e Terceiridade e tamb\u00e9m uma divis\u00e3o s\u00edgnica de tr\u00eas etapas &#8211; que compreendem as rela\u00e7\u00f5es estabelecidas do signo com ele mesmo; com o objeto, e com seu significado. As rela\u00e7\u00f5es que o signo estabelece com ele mesmo se dividem em tres n\u00edveis de percep\u00e7\u00e3o: o primeiro n\u00edvel trata de suas qualidades, texturas, sons e formas; o segundo n\u00edvel trata do conjunto de qualidades, texturas, sons e formas; e o terceiro n\u00edvel evoca as leis que regem o signo. As rela\u00e7\u00f5es estabelecidas entre o signo e o objeto s\u00e3o: de iconicidade (onde o signo sintetiza ideias), de indicialidade (em que o signo aponta para o objeto) e de rela\u00e7\u00f5es simb\u00f3licas (onde o signo evoca as conven\u00e7\u00f5es para ser compreendido). As rela\u00e7\u00f5es do signo com o seu significado se iniciam com a palavra que o designa, por exemplo a palavra &#8220;Curtir&#8221;; em seguida com a afirma\u00e7\u00e3o sobre o sentido de curtir, uma a\u00e7\u00e3o que denota gostar. O terceiro n\u00edvel de percep\u00e7\u00e3o em rela\u00e7\u00e3o ao significado do signo \u00e9 o do argumento de certeza sobre o significado do signo: neste exemplo, tem-se a certeza de que a palavra &#8220;curtir&#8221; tem em rela\u00e7\u00e3o ao seu sentido na rede social o significado de concord\u00e2ncia e n\u00e3o \u00e9 apenas uma afirma\u00e7\u00e3o. A escolha do conjunto de signos a serem analisados baliza-se no trabalho de Raquel Recuero (2009) sobre redes sociais na internet. Tendo em vista a impossibilidade de an\u00e1lise de todos os signos encontrados na rede social, o recorte contempla os tr\u00eas principais signos e suas fun\u00e7\u00f5es. O primeiro signo \u00e9 a interface gr\u00e1fica da p\u00e1gina de ades\u00e3o, que \u00e9 respons\u00e1vel pela cria\u00e7\u00e3o do Self, o segundo \u00e9 uma ferramenta de busca de amigos com a qual o ator da rede passa a adicionar amigos e come\u00e7a sua cria\u00e7\u00e3o de la\u00e7os sociais; o terceiro signo comp\u00f5e um conjunto de dois \u00edcones &#8211; status e adicionar foto\/video que possibilitam ao ator da rede a exposi\u00e7\u00e3o p\u00fablica de si mesmo. Objetiva-se, portanto, solucionar o seguinte questionamento: Como os signos do Facebook promovem intera\u00e7\u00e3o semi\u00f3tica entre o mundo biol\u00f3gico e o mundo virtual, facilitando a navega\u00e7\u00e3o e proporcionando a cria\u00e7\u00e3o do Self. Palavras-chave: Facebook. Self. An\u00e1lise Semi\u00f3tica.<\/p>\n\n\n\n<p><strong>DATA<\/strong>: 2014<\/p>\n\n\n\n<p><strong>AUTOR:\u00a0<\/strong>Jos\u00e9 Galdino dos Santos Neto<\/p>\n\n\n\n<p><strong>ORIENTA\u00c7\u00c3O:&nbsp;<\/strong>Glauco Fernandes Machado<\/p>\n\n\n\n<p><strong>TIPO DE PUBLICA\u00c7\u00c3O:<\/strong>&nbsp;Monografia<\/p>\n\n\n\n<p><strong>\u00c1REA DE CONHECIMENTO:&nbsp;<\/strong>Ci\u00eancias Sociais \u2013 Publicidade<\/p>\n\n\n\n<div data-wp-interactive=\"\" class=\"wp-block-file\"><object data-wp-bind--hidden=\"!selectors.core.file.hasPdfPreview\" hidden class=\"wp-block-file__embed\" data=\"https:\/\/www.cesrei.edu.br\/repositorio\/wp-content\/uploads\/2024\/09\/JOSE-GALDINO-TCC-2014.pdf\" type=\"application\/pdf\" style=\"width:100%;height:600px\" aria-label=\"Incorporado de JOSE-GALDINO-TCC-2014.\"><\/object><a id=\"wp-block-file--media-916a6dac-3ddb-4d70-a231-fb4d0e2bca46\" href=\"https:\/\/www.cesrei.edu.br\/repositorio\/wp-content\/uploads\/2024\/09\/JOSE-GALDINO-TCC-2014.pdf\">JOSE-GALDINO-TCC-2014<\/a><a href=\"https:\/\/www.cesrei.edu.br\/repositorio\/wp-content\/uploads\/2024\/09\/JOSE-GALDINO-TCC-2014.pdf\" class=\"wp-block-file__button wp-element-button\" download aria-describedby=\"wp-block-file--media-916a6dac-3ddb-4d70-a231-fb4d0e2bca46\">Baixar<\/a><\/div>\n","protected":false},"excerpt":{"rendered":"<p>O presente trabalho se debru\u00e7a sobre os signos do Facebook, analisando, sob o prisma semi\u00f3tico, ferramentas comunicacionais da maior rede social j\u00e1 criada. O referencial te\u00f3rico e a metodologia foram enriquecidos pela Semi\u00f3tica de Charles Peirce (2012) e outros semi\u00f3ticos, em um passeio atrav\u00e9s do conceito de signos, cores, som e formas da rede social, [&hellip;]<\/p>\n","protected":false},"author":1,"featured_media":0,"comment_status":"open","ping_status":"open","sticky":false,"template":"","format":"standard","meta":{"footnotes":""},"categories":[5],"tags":[21,19],"_links":{"self":[{"href":"https:\/\/www.cesrei.edu.br\/repositorio\/wp-json\/wp\/v2\/posts\/5639"}],"collection":[{"href":"https:\/\/www.cesrei.edu.br\/repositorio\/wp-json\/wp\/v2\/posts"}],"about":[{"href":"https:\/\/www.cesrei.edu.br\/repositorio\/wp-json\/wp\/v2\/types\/post"}],"author":[{"embeddable":true,"href":"https:\/\/www.cesrei.edu.br\/repositorio\/wp-json\/wp\/v2\/users\/1"}],"replies":[{"embeddable":true,"href":"https:\/\/www.cesrei.edu.br\/repositorio\/wp-json\/wp\/v2\/comments?post=5639"}],"version-history":[{"count":1,"href":"https:\/\/www.cesrei.edu.br\/repositorio\/wp-json\/wp\/v2\/posts\/5639\/revisions"}],"predecessor-version":[{"id":5641,"href":"https:\/\/www.cesrei.edu.br\/repositorio\/wp-json\/wp\/v2\/posts\/5639\/revisions\/5641"}],"wp:attachment":[{"href":"https:\/\/www.cesrei.edu.br\/repositorio\/wp-json\/wp\/v2\/media?parent=5639"}],"wp:term":[{"taxonomy":"category","embeddable":true,"href":"https:\/\/www.cesrei.edu.br\/repositorio\/wp-json\/wp\/v2\/categories?post=5639"},{"taxonomy":"post_tag","embeddable":true,"href":"https:\/\/www.cesrei.edu.br\/repositorio\/wp-json\/wp\/v2\/tags?post=5639"}],"curies":[{"name":"wp","href":"https:\/\/api.w.org\/{rel}","templated":true}]}}