{"id":4644,"date":"2014-12-09T11:08:00","date_gmt":"2014-12-09T13:08:00","guid":{"rendered":"http:\/\/www.cesrei.edu.br\/repositorio\/?p=4644"},"modified":"2024-02-09T11:09:26","modified_gmt":"2024-02-09T14:09:26","slug":"a-utilizacao-da-fanpage-da-camara-de-vereadores-de-santa-cruz-do-capibaribe-pe-para-divulgar-as-acoes-legislativas","status":"publish","type":"post","link":"https:\/\/www.cesrei.edu.br\/repositorio\/2014\/12\/09\/a-utilizacao-da-fanpage-da-camara-de-vereadores-de-santa-cruz-do-capibaribe-pe-para-divulgar-as-acoes-legislativas\/","title":{"rendered":"A utiliza\u00e7\u00e3o da Fanpage da C\u00e2mara de Vereadores de Santa Cruz do Capibaribe (PE) para divulgar as a\u00e7\u00f5es legislativas"},"content":{"rendered":"\n<p>Este artigo visa ampliar a discuss\u00e3o acerca da usabilidade das redes sociais pelas assessorias de comunica\u00e7\u00e3o como ferramenta de informa\u00e7\u00e3o e divulga\u00e7\u00e3o de conte\u00fado. O caso estudado \u00e9 a C\u00e2mara de Vereadores de Santa Cruz do Capibaribe, que implantou, por meio de sua assessoria de comunica\u00e7\u00e3o, uma p\u00e1gina no Facebook, onde frequentemente s\u00e3o divulgadas as a\u00e7\u00f5es da \u201cCasa de Leis\u201d. As redes sociais contribuem ativamente na propaga\u00e7\u00e3o de conte\u00fado e vem se mostrando uma solu\u00e7\u00e3o de baixo custo e de efeitos positivos no tocante \u00e0 divulga\u00e7\u00e3o proposta pelas assessorias de comunica\u00e7\u00e3o.<\/p>\n\n\n\n<p><strong>DATA<\/strong>: 2014<\/p>\n\n\n\n<p><strong>AUTOR:&nbsp;<\/strong>Gilberto Jos\u00e9 da Silva<\/p>\n\n\n\n<p><strong>ORIENTA\u00c7\u00c3O:&nbsp;<\/strong>Silvana Torquato Fernandes<\/p>\n\n\n\n<p><strong>TIPO DE PUBLICA\u00c7\u00c3O:<\/strong>&nbsp;Artigo (Especializa\u00e7\u00e3o em M\u00eddias Digitais, Comunica\u00e7\u00e3o e Mercado)<\/p>\n\n\n\n<p><strong>\u00c1REA DE CONHECIMENTO:\u00a0<\/strong>Ci\u00eancias Sociais \u2013 Publicidade<\/p>\n\n\n\n<div data-wp-interactive=\"\" class=\"wp-block-file\"><object data-wp-bind--hidden=\"!selectors.core.file.hasPdfPreview\" hidden class=\"wp-block-file__embed\" data=\"https:\/\/www.cesrei.edu.br\/repositorio\/wp-content\/uploads\/2024\/02\/GILBERTO-JOSE-DA-SILVA-ARTIGO-2014.pdf\" type=\"application\/pdf\" style=\"width:100%;height:600px\" aria-label=\"Incorporado de Incorporado de GILBERTO-JOSE-DA-SILVA-ARTIGO-2014..\"><\/object><a id=\"wp-block-file--media-35528951-2f12-4d55-a29f-90cfb9682bb6\" href=\"https:\/\/www.cesrei.edu.br\/repositorio\/wp-content\/uploads\/2024\/02\/GILBERTO-JOSE-DA-SILVA-ARTIGO-2014.pdf\">GILBERTO-JOSE-DA-SILVA-ARTIGO-2014<\/a><a href=\"https:\/\/www.cesrei.edu.br\/repositorio\/wp-content\/uploads\/2024\/02\/GILBERTO-JOSE-DA-SILVA-ARTIGO-2014.pdf\" class=\"wp-block-file__button\" download aria-describedby=\"wp-block-file--media-35528951-2f12-4d55-a29f-90cfb9682bb6\">Baixar<\/a><\/div>\n","protected":false},"excerpt":{"rendered":"<p>Este artigo visa ampliar a discuss\u00e3o acerca da usabilidade das redes sociais pelas assessorias de comunica\u00e7\u00e3o como ferramenta de informa\u00e7\u00e3o e divulga\u00e7\u00e3o de conte\u00fado. O caso estudado \u00e9 a C\u00e2mara de Vereadores de Santa Cruz do Capibaribe, que implantou, por meio de sua assessoria de comunica\u00e7\u00e3o, uma p\u00e1gina no Facebook, onde frequentemente s\u00e3o divulgadas as [&hellip;]<\/p>\n","protected":false},"author":1,"featured_media":0,"comment_status":"open","ping_status":"open","sticky":false,"template":"","format":"standard","meta":{"footnotes":""},"categories":[23],"tags":[21,19],"_links":{"self":[{"href":"https:\/\/www.cesrei.edu.br\/repositorio\/wp-json\/wp\/v2\/posts\/4644"}],"collection":[{"href":"https:\/\/www.cesrei.edu.br\/repositorio\/wp-json\/wp\/v2\/posts"}],"about":[{"href":"https:\/\/www.cesrei.edu.br\/repositorio\/wp-json\/wp\/v2\/types\/post"}],"author":[{"embeddable":true,"href":"https:\/\/www.cesrei.edu.br\/repositorio\/wp-json\/wp\/v2\/users\/1"}],"replies":[{"embeddable":true,"href":"https:\/\/www.cesrei.edu.br\/repositorio\/wp-json\/wp\/v2\/comments?post=4644"}],"version-history":[{"count":0,"href":"https:\/\/www.cesrei.edu.br\/repositorio\/wp-json\/wp\/v2\/posts\/4644\/revisions"}],"wp:attachment":[{"href":"https:\/\/www.cesrei.edu.br\/repositorio\/wp-json\/wp\/v2\/media?parent=4644"}],"wp:term":[{"taxonomy":"category","embeddable":true,"href":"https:\/\/www.cesrei.edu.br\/repositorio\/wp-json\/wp\/v2\/categories?post=4644"},{"taxonomy":"post_tag","embeddable":true,"href":"https:\/\/www.cesrei.edu.br\/repositorio\/wp-json\/wp\/v2\/tags?post=4644"}],"curies":[{"name":"wp","href":"https:\/\/api.w.org\/{rel}","templated":true}]}}