{"id":4641,"date":"2014-12-09T10:54:00","date_gmt":"2014-12-09T12:54:00","guid":{"rendered":"http:\/\/www.cesrei.edu.br\/repositorio\/?p=4641"},"modified":"2024-02-09T11:08:22","modified_gmt":"2024-02-09T14:08:22","slug":"redes-sociais-reconfigurando-o-fazer-jornalistico","status":"publish","type":"post","link":"https:\/\/www.cesrei.edu.br\/repositorio\/2014\/12\/09\/redes-sociais-reconfigurando-o-fazer-jornalistico\/","title":{"rendered":"Redes sociais: reconfigurando o fazer jornal\u00edstico"},"content":{"rendered":"\n<p>Ao longo da hist\u00f3ria, o jornalismo tem passado por grandes mudan\u00e7as, devido ao surgimento de novas tecnologias, al\u00e9m da pr\u00f3pria mudan\u00e7a cultural da sociedade. Sabemos que desde a descoberta da prensa por Gutemberg, a chegada do r\u00e1dio, a TV, a internet e dos sites de redes sociais nas reda\u00e7\u00f5es dos jornais, os jornalistas tiveram que se adaptar as mais diversas transforma\u00e7\u00f5es. Portanto, o presente trabalho pretende discutir o fazer jornal\u00edstico, tendo como suporte as redes sociais na internet.<\/p>\n\n\n\n<p><strong>DATA<\/strong>: 2014<\/p>\n\n\n\n<p><strong>AUTOR:&nbsp;<\/strong>Elayne Cristina Nepomuceno de Azevedo Halule<\/p>\n\n\n\n<p><strong>ORIENTA\u00c7\u00c3O:&nbsp;<\/strong>Silvana Torquato Fernandes<\/p>\n\n\n\n<p><strong>TIPO DE PUBLICA\u00c7\u00c3O:<\/strong>&nbsp;Artigo (Especializa\u00e7\u00e3o em M\u00eddias Digitais, Comunica\u00e7\u00e3o e Mercado)<\/p>\n\n\n\n<p><strong>\u00c1REA DE CONHECIMENTO:\u00a0<\/strong>Ci\u00eancias Sociais \u2013 Publicidade<\/p>\n\n\n\n<div data-wp-interactive=\"\" class=\"wp-block-file\"><object data-wp-bind--hidden=\"!selectors.core.file.hasPdfPreview\" hidden class=\"wp-block-file__embed\" data=\"https:\/\/www.cesrei.edu.br\/repositorio\/wp-content\/uploads\/2024\/02\/ELAYNE-CRISTINA-NEPOMUCENO-DE-AZEVEDO-HALULE-ARTIGO-2014.pdf\" type=\"application\/pdf\" style=\"width:100%;height:600px\" aria-label=\"Incorporado de Incorporado de ELAYNE-CRISTINA-NEPOMUCENO-DE-AZEVEDO-HALULE-ARTIGO-2014..\"><\/object><a id=\"wp-block-file--media-730a1a21-0372-4e0c-b7d2-971b0d3e3243\" href=\"https:\/\/www.cesrei.edu.br\/repositorio\/wp-content\/uploads\/2024\/02\/ELAYNE-CRISTINA-NEPOMUCENO-DE-AZEVEDO-HALULE-ARTIGO-2014.pdf\">ELAYNE-CRISTINA-NEPOMUCENO-DE-AZEVEDO-HALULE-ARTIGO-2014<\/a><a href=\"https:\/\/www.cesrei.edu.br\/repositorio\/wp-content\/uploads\/2024\/02\/ELAYNE-CRISTINA-NEPOMUCENO-DE-AZEVEDO-HALULE-ARTIGO-2014.pdf\" class=\"wp-block-file__button\" download aria-describedby=\"wp-block-file--media-730a1a21-0372-4e0c-b7d2-971b0d3e3243\">Baixar<\/a><\/div>\n","protected":false},"excerpt":{"rendered":"<p>Ao longo da hist\u00f3ria, o jornalismo tem passado por grandes mudan\u00e7as, devido ao surgimento de novas tecnologias, al\u00e9m da pr\u00f3pria mudan\u00e7a cultural da sociedade. Sabemos que desde a descoberta da prensa por Gutemberg, a chegada do r\u00e1dio, a TV, a internet e dos sites de redes sociais nas reda\u00e7\u00f5es dos jornais, os jornalistas tiveram que [&hellip;]<\/p>\n","protected":false},"author":1,"featured_media":0,"comment_status":"open","ping_status":"open","sticky":false,"template":"","format":"standard","meta":{"footnotes":""},"categories":[23],"tags":[21,19],"_links":{"self":[{"href":"https:\/\/www.cesrei.edu.br\/repositorio\/wp-json\/wp\/v2\/posts\/4641"}],"collection":[{"href":"https:\/\/www.cesrei.edu.br\/repositorio\/wp-json\/wp\/v2\/posts"}],"about":[{"href":"https:\/\/www.cesrei.edu.br\/repositorio\/wp-json\/wp\/v2\/types\/post"}],"author":[{"embeddable":true,"href":"https:\/\/www.cesrei.edu.br\/repositorio\/wp-json\/wp\/v2\/users\/1"}],"replies":[{"embeddable":true,"href":"https:\/\/www.cesrei.edu.br\/repositorio\/wp-json\/wp\/v2\/comments?post=4641"}],"version-history":[{"count":0,"href":"https:\/\/www.cesrei.edu.br\/repositorio\/wp-json\/wp\/v2\/posts\/4641\/revisions"}],"wp:attachment":[{"href":"https:\/\/www.cesrei.edu.br\/repositorio\/wp-json\/wp\/v2\/media?parent=4641"}],"wp:term":[{"taxonomy":"category","embeddable":true,"href":"https:\/\/www.cesrei.edu.br\/repositorio\/wp-json\/wp\/v2\/categories?post=4641"},{"taxonomy":"post_tag","embeddable":true,"href":"https:\/\/www.cesrei.edu.br\/repositorio\/wp-json\/wp\/v2\/tags?post=4641"}],"curies":[{"name":"wp","href":"https:\/\/api.w.org\/{rel}","templated":true}]}}