{"id":4628,"date":"2015-12-19T10:12:00","date_gmt":"2015-12-19T12:12:00","guid":{"rendered":"http:\/\/www.cesrei.edu.br\/repositorio\/?p=4628"},"modified":"2024-02-09T10:13:26","modified_gmt":"2024-02-09T13:13:26","slug":"estreitamento-de-lacos-um-estudo-de-audiencia-da-emissora-on-line-queimadas-fm","status":"publish","type":"post","link":"https:\/\/www.cesrei.edu.br\/repositorio\/2015\/12\/19\/estreitamento-de-lacos-um-estudo-de-audiencia-da-emissora-on-line-queimadas-fm\/","title":{"rendered":"Estreitamento de la\u00e7os: um estudo de audi\u00eancia da emissora on-line Queimadas FM"},"content":{"rendered":"\n<p>&nbsp;A constante evolu\u00e7\u00e3o das tecnologias da informa\u00e7\u00e3o na sociedade tem provocado mudan\u00e7as na comunica\u00e7\u00e3o, que tem conseguido romper as barreiras temporais e espaciais, em especial com a internet. Desde a sua inven\u00e7\u00e3o, as transforma\u00e7\u00f5es nas tecnologias no r\u00e1dio n\u00e3o tem parado de acontecer e a sua consolida\u00e7\u00e3o no ciberespa\u00e7o ampliou seu alcance e os canais para a circula\u00e7\u00e3o da mensagem. A partir do conhecimento dessas mudan\u00e7as, faz-se necess\u00e1rio conhecer e compreender as formas de uso destes novos meios e as inter-rela\u00e7\u00f5es que apresentam frente ao crescente processo de converg\u00eancia do r\u00e1dio entre tecnologias da informa\u00e7\u00e3o mensurando seus resultados. Para atingir este objetivo, foi proposta uma revis\u00e3o de leitura inicial sobre o r\u00e1dio, sua presen\u00e7a na comunidade e como esta m\u00eddia est\u00e1 sendo consumida atualmente, tendo como objeto de estudo a r\u00e1dio comunit\u00e1ria do munic\u00edpio de Queimadas \u2013 PB. Este trabalho apresenta a evolu\u00e7\u00e3o da radiodifus\u00e3o no munic\u00edpio e o resultado de um question\u00e1rio aplicado aos ouvintes que acompanham a programa\u00e7\u00e3o da emissora <em>on-line<\/em>. Constatou-se que o processo de converg\u00eancia tecnol\u00f3gica tem trazido resultados positivos quanto \u00e0 audi\u00eancia e a presen\u00e7a da emissora no cotidiano das pessoas muito al\u00e9m do aparelho receptor tradicional de sinais de antena. E ao contr\u00e1rio do que se imaginava, a internet se tornou uma aliada do r\u00e1dio, e n\u00e3o a causadora do seu fim, podendo garantir ainda mais a sua longevidade.<\/p>\n\n\n\n<p><strong>DATA<\/strong>: 2015<\/p>\n\n\n\n<p><strong>AUTOR:\u00a0<\/strong>Cl\u00e9cio Cunha<\/p>\n\n\n\n<p><strong>ORIENTA\u00c7\u00c3O:&nbsp;<\/strong>Ligia Coeli Silva Rodrigues<\/p>\n\n\n\n<p><strong>TIPO DE PUBLICA\u00c7\u00c3O:<\/strong>&nbsp;Artigo (Especializa\u00e7\u00e3o em M\u00eddias Digitais, Comunica\u00e7\u00e3o e Mercado)<\/p>\n\n\n\n<p><strong>\u00c1REA DE CONHECIMENTO:\u00a0<\/strong>Ci\u00eancias Sociais \u2013 Publicidade<\/p>\n\n\n\n<div data-wp-interactive=\"\" class=\"wp-block-file\"><object data-wp-bind--hidden=\"!selectors.core.file.hasPdfPreview\" hidden class=\"wp-block-file__embed\" data=\"https:\/\/www.cesrei.edu.br\/repositorio\/wp-content\/uploads\/2024\/02\/CLECIO-CUNHA-ARTIGO-2015.pdf\" type=\"application\/pdf\" style=\"width:100%;height:600px\" aria-label=\"Incorporado de Incorporado de CLECIO-CUNHA-ARTIGO-2015..\"><\/object><a id=\"wp-block-file--media-018b8797-8055-4c69-b6e6-e7dd94430ace\" href=\"https:\/\/www.cesrei.edu.br\/repositorio\/wp-content\/uploads\/2024\/02\/CLECIO-CUNHA-ARTIGO-2015.pdf\">CLECIO-CUNHA-ARTIGO-2015<\/a><a href=\"https:\/\/www.cesrei.edu.br\/repositorio\/wp-content\/uploads\/2024\/02\/CLECIO-CUNHA-ARTIGO-2015.pdf\" class=\"wp-block-file__button\" download aria-describedby=\"wp-block-file--media-018b8797-8055-4c69-b6e6-e7dd94430ace\">Baixar<\/a><\/div>\n","protected":false},"excerpt":{"rendered":"<p>&nbsp;A constante evolu\u00e7\u00e3o das tecnologias da informa\u00e7\u00e3o na sociedade tem provocado mudan\u00e7as na comunica\u00e7\u00e3o, que tem conseguido romper as barreiras temporais e espaciais, em especial com a internet. Desde a sua inven\u00e7\u00e3o, as transforma\u00e7\u00f5es nas tecnologias no r\u00e1dio n\u00e3o tem parado de acontecer e a sua consolida\u00e7\u00e3o no ciberespa\u00e7o ampliou seu alcance e os canais [&hellip;]<\/p>\n","protected":false},"author":1,"featured_media":0,"comment_status":"open","ping_status":"open","sticky":false,"template":"","format":"standard","meta":{"footnotes":""},"categories":[23],"tags":[15,19],"_links":{"self":[{"href":"https:\/\/www.cesrei.edu.br\/repositorio\/wp-json\/wp\/v2\/posts\/4628"}],"collection":[{"href":"https:\/\/www.cesrei.edu.br\/repositorio\/wp-json\/wp\/v2\/posts"}],"about":[{"href":"https:\/\/www.cesrei.edu.br\/repositorio\/wp-json\/wp\/v2\/types\/post"}],"author":[{"embeddable":true,"href":"https:\/\/www.cesrei.edu.br\/repositorio\/wp-json\/wp\/v2\/users\/1"}],"replies":[{"embeddable":true,"href":"https:\/\/www.cesrei.edu.br\/repositorio\/wp-json\/wp\/v2\/comments?post=4628"}],"version-history":[{"count":0,"href":"https:\/\/www.cesrei.edu.br\/repositorio\/wp-json\/wp\/v2\/posts\/4628\/revisions"}],"wp:attachment":[{"href":"https:\/\/www.cesrei.edu.br\/repositorio\/wp-json\/wp\/v2\/media?parent=4628"}],"wp:term":[{"taxonomy":"category","embeddable":true,"href":"https:\/\/www.cesrei.edu.br\/repositorio\/wp-json\/wp\/v2\/categories?post=4628"},{"taxonomy":"post_tag","embeddable":true,"href":"https:\/\/www.cesrei.edu.br\/repositorio\/wp-json\/wp\/v2\/tags?post=4628"}],"curies":[{"name":"wp","href":"https:\/\/api.w.org\/{rel}","templated":true}]}}