{"id":3599,"date":"2015-12-28T19:55:00","date_gmt":"2015-12-28T21:55:00","guid":{"rendered":"http:\/\/www.cesrei.edu.br\/repositorio\/?p=3599"},"modified":"2023-11-28T19:57:40","modified_gmt":"2023-11-28T22:57:40","slug":"twitter-como-ferramenta-de-mobilizacao-politica-popular-na-internet-um-novo-jeito-de-fazer-movimentos-sociais","status":"publish","type":"post","link":"https:\/\/www.cesrei.edu.br\/repositorio\/2015\/12\/28\/twitter-como-ferramenta-de-mobilizacao-politica-popular-na-internet-um-novo-jeito-de-fazer-movimentos-sociais\/","title":{"rendered":"Twitter como ferramenta de mobiliza\u00e7\u00e3o pol\u00edtica popular na internet: um novo jeito de fazer movimentos sociais"},"content":{"rendered":"\n<p>Este trabalho apresenta uma an\u00e1lise da rede social Twitter e visa mostrar que esta funciona como uma ferramenta que pode proporcionar a seus usu\u00e1rios a capacidade de se estabelecerem como cidad\u00e3os capazes de se organizarem de forma pol\u00edtica. Utilizando-se do m\u00e9todo An\u00e1lise de Conte\u00fado, observa-se que os usu\u00e1rios da rede participam atrav\u00e9s de discuss\u00f5es e debates e se organizam para a realiza\u00e7\u00e3o de protestos e movimentos populares.<\/p>\n\n\n\n<p><strong>DATA<\/strong>: 2015<\/p>\n\n\n\n<p><strong>AUTOR:&nbsp;<\/strong>Fabr\u00edcio Ara\u00fajo de Mendon\u00e7a Costa<\/p>\n\n\n\n<p><strong>ORIENTADOR:&nbsp;<\/strong>Rodrigo Emanuel de Freitas Apolin\u00e1rio<\/p>\n\n\n\n<p><strong>TIPO DE PUBLICA\u00c7\u00c3O:\u00a0<\/strong>Artigo (Especializa\u00e7\u00e3o em M\u00eddias Digitais, Comunica\u00e7\u00e3o e Mercado)<\/p>\n\n\n\n<p><strong>\u00c1REA DE CONHECIMENTO:\u00a0<\/strong>Ci\u00eancias Sociais \u2013 Publicidade<\/p>\n\n\n\n<div data-wp-interactive=\"\" class=\"wp-block-file\"><object data-wp-bind--hidden=\"!selectors.core.file.hasPdfPreview\" hidden class=\"wp-block-file__embed\" data=\"https:\/\/www.cesrei.edu.br\/repositorio\/wp-content\/uploads\/2023\/11\/FABRICIO-ARAUJO-DE-MENDONCA-COSTA.pdf\" type=\"application\/pdf\" style=\"width:100%;height:600px\" aria-label=\"Incorporado de Incorporado de FABRICIO-ARAUJO-DE-MENDONCA-COSTA..\"><\/object><a id=\"wp-block-file--media-eb962b88-aa1a-4419-929f-3d3dbc7e4a7f\" href=\"https:\/\/www.cesrei.edu.br\/repositorio\/wp-content\/uploads\/2023\/11\/FABRICIO-ARAUJO-DE-MENDONCA-COSTA.pdf\">FABRICIO-ARAUJO-DE-MENDONCA-COSTA<\/a><a href=\"https:\/\/www.cesrei.edu.br\/repositorio\/wp-content\/uploads\/2023\/11\/FABRICIO-ARAUJO-DE-MENDONCA-COSTA.pdf\" class=\"wp-block-file__button\" download aria-describedby=\"wp-block-file--media-eb962b88-aa1a-4419-929f-3d3dbc7e4a7f\">Baixar<\/a><\/div>\n","protected":false},"excerpt":{"rendered":"<p>Este trabalho apresenta uma an\u00e1lise da rede social Twitter e visa mostrar que esta funciona como uma ferramenta que pode proporcionar a seus usu\u00e1rios a capacidade de se estabelecerem como cidad\u00e3os capazes de se organizarem de forma pol\u00edtica. Utilizando-se do m\u00e9todo An\u00e1lise de Conte\u00fado, observa-se que os usu\u00e1rios da rede participam atrav\u00e9s de discuss\u00f5es e [&hellip;]<\/p>\n","protected":false},"author":1,"featured_media":0,"comment_status":"open","ping_status":"open","sticky":false,"template":"","format":"standard","meta":{"footnotes":""},"categories":[23],"tags":[15,19],"_links":{"self":[{"href":"https:\/\/www.cesrei.edu.br\/repositorio\/wp-json\/wp\/v2\/posts\/3599"}],"collection":[{"href":"https:\/\/www.cesrei.edu.br\/repositorio\/wp-json\/wp\/v2\/posts"}],"about":[{"href":"https:\/\/www.cesrei.edu.br\/repositorio\/wp-json\/wp\/v2\/types\/post"}],"author":[{"embeddable":true,"href":"https:\/\/www.cesrei.edu.br\/repositorio\/wp-json\/wp\/v2\/users\/1"}],"replies":[{"embeddable":true,"href":"https:\/\/www.cesrei.edu.br\/repositorio\/wp-json\/wp\/v2\/comments?post=3599"}],"version-history":[{"count":0,"href":"https:\/\/www.cesrei.edu.br\/repositorio\/wp-json\/wp\/v2\/posts\/3599\/revisions"}],"wp:attachment":[{"href":"https:\/\/www.cesrei.edu.br\/repositorio\/wp-json\/wp\/v2\/media?parent=3599"}],"wp:term":[{"taxonomy":"category","embeddable":true,"href":"https:\/\/www.cesrei.edu.br\/repositorio\/wp-json\/wp\/v2\/categories?post=3599"},{"taxonomy":"post_tag","embeddable":true,"href":"https:\/\/www.cesrei.edu.br\/repositorio\/wp-json\/wp\/v2\/tags?post=3599"}],"curies":[{"name":"wp","href":"https:\/\/api.w.org\/{rel}","templated":true}]}}