{"id":2926,"date":"2015-12-28T21:45:00","date_gmt":"2015-12-28T23:45:00","guid":{"rendered":"http:\/\/www.cesrei.edu.br\/repositorio\/?p=2926"},"modified":"2023-11-16T20:26:04","modified_gmt":"2023-11-16T23:26:04","slug":"regressao-de-regime-prisional-em-decorrencia-da-pratica-de-fato-novo-definido-como-crime-doloso-e-a-violacao-ao-principio-da-presuncao-de-inocencia","status":"publish","type":"post","link":"https:\/\/www.cesrei.edu.br\/repositorio\/2015\/12\/28\/regressao-de-regime-prisional-em-decorrencia-da-pratica-de-fato-novo-definido-como-crime-doloso-e-a-violacao-ao-principio-da-presuncao-de-inocencia\/","title":{"rendered":"Regress\u00e3o de regime prisional em decorr\u00eancia da pr\u00e1tica de fato novo definido como crime doloso e a viola\u00e7\u00e3o ao princ\u00edpio da presun\u00e7\u00e3o de inoc\u00eancia"},"content":{"rendered":"\n<p>A regress\u00e3o de regime prisional em decorr\u00eancia da pr\u00e1tica de fato definido como crime doloso<br>\u00e9 uma pr\u00e1tica rotineira nas varas de execu\u00e7\u00e3o penal no nosso pa\u00eds. Temos assegurado em<br>nossa Constitui\u00e7\u00e3o Federal o princ\u00edpio mencionado que assegura que o indiv\u00edduo s\u00f3 ser\u00e1<br>considerado culpado quando houver senten\u00e7a penal condenat\u00f3ria transitada em julgado. No<br>entanto, observou-se que o STF e o STJ firmaram entendimento de que o tr\u00e2nsito em julgado<br>\u00e9 desnecess\u00e1rio para que se regrida o regime prisional do apenado, bastando apenas o suposto<br>cometimento do fato novo tido como crime doloso. Neste sentido, o referido artigo define o<br>que se entende por regime prisional, bem como sua regress\u00e3o, fala sobre o reflexo do<br>princ\u00edpio da presun\u00e7\u00e3o de inoc\u00eancia nos direitos humanos e nos mostra que faz-se necess\u00e1rio<br>que os julgadores fa\u00e7am uma interpreta\u00e7\u00e3o mais ampla e em conson\u00e2ncia com as regras<br>estabelecidas em nossa Constitui\u00e7\u00e3o Federal para que possamos fazer jus aos princ\u00edpios que<br>asseguram a dignidade da pessoa humana, bem como que tais decis\u00f5es sejam proferidas em<br>conson\u00e2ncia com o princ\u00edpio da presun\u00e7\u00e3o de inoc\u00eancia, buscando ter como regra a liberdade<br>e a pris\u00e3o como exce\u00e7\u00e3o.<\/p>\n\n\n\n<p><strong>DATA<\/strong>: 2015<\/p>\n\n\n\n<p><strong>AUTOR:&nbsp;<\/strong>Su\u00eania Cruz de Medeiros<\/p>\n\n\n\n<p><strong>ORIENTADOR:&nbsp;<\/strong> F\u00e9lix Ara\u00fajo Neto<\/p>\n\n\n\n<p><strong>TIPO DE PUBLICA\u00c7\u00c3O:&nbsp;<\/strong>Artigo (Especializa\u00e7\u00e3o em Ci\u00eancias Criminais)<\/p>\n\n\n\n<p><strong>\u00c1REA DE CONHECIMENTO:&nbsp;<\/strong>Ci\u00eancias Sociais \u2013 Direito<\/p>\n\n\n\n<div data-wp-interactive=\"\" class=\"wp-block-file\"><object data-wp-bind--hidden=\"!selectors.core.file.hasPdfPreview\" hidden class=\"wp-block-file__embed\" data=\"https:\/\/www.cesrei.edu.br\/repositorio\/wp-content\/uploads\/2023\/02\/SUENIA-CRUZ-DE-MEDEIROS.pdf\" type=\"application\/pdf\" style=\"width:100%;height:600px\" aria-label=\"Incorporado de Incorporado de SUENIA-CRUZ-DE-MEDEIROS..\"><\/object><a id=\"wp-block-file--media-32d51435-a4f4-4df4-8c95-15ddae91886e\" href=\"https:\/\/www.cesrei.edu.br\/repositorio\/wp-content\/uploads\/2023\/02\/SUENIA-CRUZ-DE-MEDEIROS.pdf\">SUENIA-CRUZ-DE-MEDEIROS<\/a><a href=\"https:\/\/www.cesrei.edu.br\/repositorio\/wp-content\/uploads\/2023\/02\/SUENIA-CRUZ-DE-MEDEIROS.pdf\" class=\"wp-block-file__button\" download aria-describedby=\"wp-block-file--media-32d51435-a4f4-4df4-8c95-15ddae91886e\">Baixar<\/a><\/div>\n","protected":false},"excerpt":{"rendered":"<p>A regress\u00e3o de regime prisional em decorr\u00eancia da pr\u00e1tica de fato definido como crime doloso\u00e9 uma pr\u00e1tica rotineira nas varas de execu\u00e7\u00e3o penal no nosso pa\u00eds. Temos assegurado emnossa Constitui\u00e7\u00e3o Federal o princ\u00edpio mencionado que assegura que o indiv\u00edduo s\u00f3 ser\u00e1considerado culpado quando houver senten\u00e7a penal condenat\u00f3ria transitada em julgado. Noentanto, observou-se que o STF [&hellip;]<\/p>\n","protected":false},"author":1,"featured_media":0,"comment_status":"open","ping_status":"open","sticky":false,"template":"","format":"standard","meta":{"footnotes":""},"categories":[23],"tags":[15,10],"_links":{"self":[{"href":"https:\/\/www.cesrei.edu.br\/repositorio\/wp-json\/wp\/v2\/posts\/2926"}],"collection":[{"href":"https:\/\/www.cesrei.edu.br\/repositorio\/wp-json\/wp\/v2\/posts"}],"about":[{"href":"https:\/\/www.cesrei.edu.br\/repositorio\/wp-json\/wp\/v2\/types\/post"}],"author":[{"embeddable":true,"href":"https:\/\/www.cesrei.edu.br\/repositorio\/wp-json\/wp\/v2\/users\/1"}],"replies":[{"embeddable":true,"href":"https:\/\/www.cesrei.edu.br\/repositorio\/wp-json\/wp\/v2\/comments?post=2926"}],"version-history":[{"count":0,"href":"https:\/\/www.cesrei.edu.br\/repositorio\/wp-json\/wp\/v2\/posts\/2926\/revisions"}],"wp:attachment":[{"href":"https:\/\/www.cesrei.edu.br\/repositorio\/wp-json\/wp\/v2\/media?parent=2926"}],"wp:term":[{"taxonomy":"category","embeddable":true,"href":"https:\/\/www.cesrei.edu.br\/repositorio\/wp-json\/wp\/v2\/categories?post=2926"},{"taxonomy":"post_tag","embeddable":true,"href":"https:\/\/www.cesrei.edu.br\/repositorio\/wp-json\/wp\/v2\/tags?post=2926"}],"curies":[{"name":"wp","href":"https:\/\/api.w.org\/{rel}","templated":true}]}}