{"id":2361,"date":"2015-12-29T17:44:00","date_gmt":"2015-12-29T19:44:00","guid":{"rendered":"http:\/\/www.cesrei.edu.br\/repositorio\/?p=2361"},"modified":"2022-11-29T18:37:35","modified_gmt":"2022-11-29T21:37:35","slug":"guarda-compartilhada-como-solucao-para-evitar-a-sindrome-da-alienacao-parental","status":"publish","type":"post","link":"https:\/\/www.cesrei.edu.br\/repositorio\/2015\/12\/29\/guarda-compartilhada-como-solucao-para-evitar-a-sindrome-da-alienacao-parental\/","title":{"rendered":"Guarda compartilhada: como solu\u00e7\u00e3o para evitar a s\u00edndrome da aliena\u00e7\u00e3o parental"},"content":{"rendered":"\n<p>O presente trabalho monogr\u00e1fico prop\u00f5e uma reflex\u00e3o sobre a guarda compartilhada<br>que, muitas vezes decorrente da dissolu\u00e7\u00e3o da sociedade conjugal. Contudo,<br>objetivou-se demonstrar como os nossos tribunais de justi\u00e7a v\u00eam enfrentando o<br>tema diante do novo contexto social em que estamos inseridos. Abordando<br>modifica\u00e7\u00f5es significativas do instituto da guarda compartilhada, discutindo os<br>direitos e obriga\u00e7\u00f5es dos pais para com seus filhos, explanando sobre as<br>modalidades de guarda: a unilateral, a alternada e a compartilhada, apresentando,<br>sobre esta \u00faltima, as mudan\u00e7as e a aplica\u00e7\u00e3o no ordenamento jur\u00eddico, al\u00e9m do<br>princ\u00edpio do melhor interesse da crian\u00e7a e do adolescente o qual envolve o instituto<br>da guarda. Tendo como metodologia, a pesquisa bibliogr\u00e1fica, a partir de uma<br>an\u00e1lise sistematizada com base em pesquisas realizadas em artigos, livros,<br>jurisprud\u00eancias e, no advento da nova Lei de n\u00ba 13.058\/2014, fazendo uma an\u00e1lise<br>no contexto de fato e de direito. Por conseguinte, a guarda compartilhada como<br>solu\u00e7\u00e3o com a finalidade de se preservar o bem estar, a sa\u00fade f\u00edsica e ps\u00edquica das<br>crian\u00e7as e adolescentes para uma conviv\u00eancia saud\u00e1vel e harmoniosa entre pais e<br>filhos.<\/p>\n\n\n\n<p><strong>DATA<\/strong>: 2015<\/p>\n\n\n\n<p><strong>AUTOR:&nbsp;<\/strong>Adaildo Alencar Nascimento<\/p>\n\n\n\n<p><strong>ORIENTADOR:&nbsp;<\/strong>Alcione Vieira Pordeus<\/p>\n\n\n\n<p><strong>TIPO DE PUBLICA\u00c7\u00c3O:&nbsp;<\/strong>Monografia<\/p>\n\n\n\n<p><strong>\u00c1REA DE CONHECIMENTO:\u00a0<\/strong>Ci\u00eancias Sociais \u2013 Direito<\/p>\n\n\n\n<div data-wp-interactive=\"\" class=\"wp-block-file\"><object data-wp-bind--hidden=\"!selectors.core.file.hasPdfPreview\" hidden class=\"wp-block-file__embed\" data=\"https:\/\/www.cesrei.edu.br\/repositorio\/wp-content\/uploads\/2022\/11\/ADAILDO-ALENCAR-NASCIMENTO.pdf\" type=\"application\/pdf\" style=\"width:100%;height:600px\" aria-label=\"Incorporado de Incorporado de ADAILDO-ALENCAR-NASCIMENTO..\"><\/object><a id=\"wp-block-file--media-4abef1a6-338b-41c4-9323-24fdd9ee15eb\" href=\"https:\/\/www.cesrei.edu.br\/repositorio\/wp-content\/uploads\/2022\/11\/ADAILDO-ALENCAR-NASCIMENTO.pdf\">ADAILDO-ALENCAR-NASCIMENTO<\/a><a href=\"https:\/\/www.cesrei.edu.br\/repositorio\/wp-content\/uploads\/2022\/11\/ADAILDO-ALENCAR-NASCIMENTO.pdf\" class=\"wp-block-file__button\" download aria-describedby=\"wp-block-file--media-4abef1a6-338b-41c4-9323-24fdd9ee15eb\">Baixar<\/a><\/div>\n","protected":false},"excerpt":{"rendered":"<p>O presente trabalho monogr\u00e1fico prop\u00f5e uma reflex\u00e3o sobre a guarda compartilhadaque, muitas vezes decorrente da dissolu\u00e7\u00e3o da sociedade conjugal. Contudo,objetivou-se demonstrar como os nossos tribunais de justi\u00e7a v\u00eam enfrentando otema diante do novo contexto social em que estamos inseridos. Abordandomodifica\u00e7\u00f5es significativas do instituto da guarda compartilhada, discutindo osdireitos e obriga\u00e7\u00f5es dos pais para com seus [&hellip;]<\/p>\n","protected":false},"author":1,"featured_media":0,"comment_status":"open","ping_status":"open","sticky":false,"template":"","format":"standard","meta":{"footnotes":""},"categories":[5],"tags":[15,10],"_links":{"self":[{"href":"https:\/\/www.cesrei.edu.br\/repositorio\/wp-json\/wp\/v2\/posts\/2361"}],"collection":[{"href":"https:\/\/www.cesrei.edu.br\/repositorio\/wp-json\/wp\/v2\/posts"}],"about":[{"href":"https:\/\/www.cesrei.edu.br\/repositorio\/wp-json\/wp\/v2\/types\/post"}],"author":[{"embeddable":true,"href":"https:\/\/www.cesrei.edu.br\/repositorio\/wp-json\/wp\/v2\/users\/1"}],"replies":[{"embeddable":true,"href":"https:\/\/www.cesrei.edu.br\/repositorio\/wp-json\/wp\/v2\/comments?post=2361"}],"version-history":[{"count":0,"href":"https:\/\/www.cesrei.edu.br\/repositorio\/wp-json\/wp\/v2\/posts\/2361\/revisions"}],"wp:attachment":[{"href":"https:\/\/www.cesrei.edu.br\/repositorio\/wp-json\/wp\/v2\/media?parent=2361"}],"wp:term":[{"taxonomy":"category","embeddable":true,"href":"https:\/\/www.cesrei.edu.br\/repositorio\/wp-json\/wp\/v2\/categories?post=2361"},{"taxonomy":"post_tag","embeddable":true,"href":"https:\/\/www.cesrei.edu.br\/repositorio\/wp-json\/wp\/v2\/tags?post=2361"}],"curies":[{"name":"wp","href":"https:\/\/api.w.org\/{rel}","templated":true}]}}