{"id":2358,"date":"2015-12-29T17:33:00","date_gmt":"2015-12-29T19:33:00","guid":{"rendered":"http:\/\/www.cesrei.edu.br\/repositorio\/?p=2358"},"modified":"2023-03-14T19:21:11","modified_gmt":"2023-03-14T22:21:11","slug":"aplicacao-do-sistema-de-cotas-nas-universidades-publicas-isonomia-ou-apartheid-social","status":"publish","type":"post","link":"https:\/\/www.cesrei.edu.br\/repositorio\/2015\/12\/29\/aplicacao-do-sistema-de-cotas-nas-universidades-publicas-isonomia-ou-apartheid-social\/","title":{"rendered":"Aplica\u00e7\u00e3o do sistema de cotas nas universidades p\u00fablicas, isonomia ou apartheid social?"},"content":{"rendered":"\n<p>Neste trabalho ser\u00e1 abordado o tema, da aplica\u00e7\u00e3o do sistema de cotas nas universidades<br>p\u00fablicas do Brasil, isonomia ou apartheid social? Neste trabalho ser\u00e1 feita, uma breve<br>digress\u00e3o sobre alguns momentos hist\u00f3ricos da humanidade, na luta contra a segrega\u00e7\u00e3o<br>racial, durante todo o s\u00e9culo XIX, XX, e parte do s\u00e9culo XXI. Tamb\u00e9m ser\u00e3o abordados, os<br>principais contextos hist\u00f3ricos, que levar\u00e3o alguns pa\u00edses do mundo a adotar a aplica\u00e7\u00e3o do<br>sistema de cotas nas universidades como pol\u00edtica de a\u00e7\u00e3o afirmativa, e como seda a sua<br>aplica\u00e7\u00e3o nos dias de hoje nas institui\u00e7\u00f5es federais de ensino superior em todo Brasil. Ser\u00e3o<br>analisados todos os fundamentos governamentais que levam ao Estado a criar uma pol\u00edtica de<br>a\u00e7\u00e3o afirmativa, e quais os seus impactos no ordenamento jur\u00eddico, e na sociedade como um<br>todo. Ser\u00e1 abordada neste trabalho, a vis\u00e3o do mundo acad\u00eamico, acerca da mat\u00e9ria, a vis\u00e3o<br>dos juristas, e o entendimento o supremo tribunal federal o STF, acerca da constitucionalidade<br>da mat\u00e9ria. Tamb\u00e9m ser\u00e1 visto neste trabalho se aplica\u00e7\u00e3o do sistema de cotas, de alguma<br>maneira possa vir a ferir, a autonomia das institui\u00e7\u00f5es federais de ensino superior, tendo em<br>vista que as mesmas s\u00e3o autarquias em regime especial, e com isso gozam de uma s\u00e9rie de<br>prerrogativas garantidas por lei. Neste trabalho, tamb\u00e9m pode ser observado, o conceito de<br>servi\u00e7o p\u00fablico, com a opini\u00e3o dos mais renomados doutrinadores sobre o tema, e tamb\u00e9m, se<br>a aplica\u00e7\u00e3o do sistema de cotas nas institui\u00e7\u00f5es federais de ensino superior, pode vir a ferir tal<br>principio. E por ultimo ser\u00e3o analisados, os poss\u00edveis impactos jur\u00eddicos e sociais, que podem<br>ser causados com \u00e1 aplica\u00e7\u00e3o do sistema de cotas, nas institui\u00e7\u00f5es federais de ensino superior<\/p>\n\n\n\n<p><strong>DATA<\/strong>: 2015<\/p>\n\n\n\n<p><strong>AUTOR:&nbsp;<\/strong>Bruce Snider C\u00edcero Montenegro Cordeiro<\/p>\n\n\n\n<p><strong>ORIENTADOR:&nbsp;<\/strong>A\u00e9cio de Souza Melo Filho<\/p>\n\n\n\n<p><strong>TIPO DE PUBLICA\u00c7\u00c3O:&nbsp;<\/strong>Monografia<\/p>\n\n\n\n<p><strong>\u00c1REA DE CONHECIMENTO:&nbsp;<\/strong>Ci\u00eancias Sociais \u2013 Direito<\/p>\n\n\n\n<div data-wp-interactive=\"\" class=\"wp-block-file\"><object data-wp-bind--hidden=\"!selectors.core.file.hasPdfPreview\" hidden class=\"wp-block-file__embed\" data=\"https:\/\/www.cesrei.edu.br\/repositorio\/wp-content\/uploads\/2022\/11\/BRUCE-SNIDER-CICERO-MONTENEGRO-CORDEIRO.pdf\" type=\"application\/pdf\" style=\"width:100%;height:600px\" aria-label=\"Incorporado de Incorporado de BRUCE-SNIDER-CICERO-MONTENEGRO-CORDEIRO..\"><\/object><a id=\"wp-block-file--media-37f5ced4-20cd-4d23-8669-17da8dd302ee\" href=\"https:\/\/www.cesrei.edu.br\/repositorio\/wp-content\/uploads\/2022\/11\/BRUCE-SNIDER-CICERO-MONTENEGRO-CORDEIRO.pdf\">BRUCE-SNIDER-CICERO-MONTENEGRO-CORDEIRO<\/a><a href=\"https:\/\/www.cesrei.edu.br\/repositorio\/wp-content\/uploads\/2022\/11\/BRUCE-SNIDER-CICERO-MONTENEGRO-CORDEIRO.pdf\" class=\"wp-block-file__button\" download aria-describedby=\"wp-block-file--media-37f5ced4-20cd-4d23-8669-17da8dd302ee\">Baixar<\/a><\/div>\n","protected":false},"excerpt":{"rendered":"<p>Neste trabalho ser\u00e1 abordado o tema, da aplica\u00e7\u00e3o do sistema de cotas nas universidadesp\u00fablicas do Brasil, isonomia ou apartheid social? Neste trabalho ser\u00e1 feita, uma brevedigress\u00e3o sobre alguns momentos hist\u00f3ricos da humanidade, na luta contra a segrega\u00e7\u00e3oracial, durante todo o s\u00e9culo XIX, XX, e parte do s\u00e9culo XXI. Tamb\u00e9m ser\u00e3o abordados, osprincipais contextos hist\u00f3ricos, que [&hellip;]<\/p>\n","protected":false},"author":1,"featured_media":0,"comment_status":"open","ping_status":"open","sticky":false,"template":"","format":"standard","meta":{"footnotes":""},"categories":[5],"tags":[15,10],"_links":{"self":[{"href":"https:\/\/www.cesrei.edu.br\/repositorio\/wp-json\/wp\/v2\/posts\/2358"}],"collection":[{"href":"https:\/\/www.cesrei.edu.br\/repositorio\/wp-json\/wp\/v2\/posts"}],"about":[{"href":"https:\/\/www.cesrei.edu.br\/repositorio\/wp-json\/wp\/v2\/types\/post"}],"author":[{"embeddable":true,"href":"https:\/\/www.cesrei.edu.br\/repositorio\/wp-json\/wp\/v2\/users\/1"}],"replies":[{"embeddable":true,"href":"https:\/\/www.cesrei.edu.br\/repositorio\/wp-json\/wp\/v2\/comments?post=2358"}],"version-history":[{"count":0,"href":"https:\/\/www.cesrei.edu.br\/repositorio\/wp-json\/wp\/v2\/posts\/2358\/revisions"}],"wp:attachment":[{"href":"https:\/\/www.cesrei.edu.br\/repositorio\/wp-json\/wp\/v2\/media?parent=2358"}],"wp:term":[{"taxonomy":"category","embeddable":true,"href":"https:\/\/www.cesrei.edu.br\/repositorio\/wp-json\/wp\/v2\/categories?post=2358"},{"taxonomy":"post_tag","embeddable":true,"href":"https:\/\/www.cesrei.edu.br\/repositorio\/wp-json\/wp\/v2\/tags?post=2358"}],"curies":[{"name":"wp","href":"https:\/\/api.w.org\/{rel}","templated":true}]}}