{"id":2354,"date":"2015-12-29T17:30:00","date_gmt":"2015-12-29T19:30:00","guid":{"rendered":"http:\/\/www.cesrei.edu.br\/repositorio\/?p=2354"},"modified":"2022-11-29T17:33:32","modified_gmt":"2022-11-29T20:33:32","slug":"a-suspensao-do-prazo-prescricional-no-artigo-366-do-codigo-de-processo-penal","status":"publish","type":"post","link":"https:\/\/www.cesrei.edu.br\/repositorio\/2015\/12\/29\/a-suspensao-do-prazo-prescricional-no-artigo-366-do-codigo-de-processo-penal\/","title":{"rendered":"A suspens\u00e3o do prazo prescricional no artigo 366 do c\u00f3digo de processo penal"},"content":{"rendered":"\n<p>O presente trabalho trata da suspens\u00e3o da prescri\u00e7\u00e3o em face da cita\u00e7\u00e3o ficta do<br>artigo 366 do C\u00f3digo de Processo Penal, ap\u00f3s as modifica\u00e7\u00f5es trazidas pelas Leis<br>n.\u00ba 9.271\/1996 e n.\u00ba 11.719\/2008, que passaram a determinar que o processo e o<br>curso do prazo prescricional permanecer\u00e3o suspensos, caso o acusado, citado por<br>edital, n\u00e3o compare\u00e7a e nem constitua advogado. A partir deste ponto verificar-se-\u00e1<br>a quest\u00e3o do limite de tempo, uma vez que a lei nada menciona acerca do lapso<br>temporal em que o curso do prazo prescricional deva permanecer suspenso,<br>acabando por criar um novo caso de imprescritibilidade, o que \u00e9 vedado pela<br>Constitui\u00e7\u00e3o Federal. \u00c9, portanto, este o objetivo do trabalho em tela. Os casos de<br>r\u00e9u citado por edital fazem parte da atualidade, de maneira crescente, e diante deste<br>impasse, \u00e9 de suma import\u00e2ncia a an\u00e1lise, entre diversas hip\u00f3teses suscitadas pela<br>doutrina para delimitar a suspens\u00e3o do curso do prazo prescricional, a que melhor<br>se encaixa no direito p\u00e1trio, qual seja, a que leva em considera\u00e7\u00e3o o tempo da<br>prescri\u00e7\u00e3o da infra\u00e7\u00e3o penal, baseando-se no m\u00e1ximo abstrato da pena privativa de<br>liberdade (nos termos do art. 109, do C\u00f3digo Penal). Chega-se, aqui, ao sentido de<br>toda essa pesquisa. Analisa-se, ainda, os fundamentos das modifica\u00e7\u00f5es trazidas<br>pelas Leis n.\u00ba 9.271\/96 e n\u00ba 11.719\/2008, bem como os pressupostos de<br>aplicabilidade do artigo 366 do C\u00f3digo de Processo Penal, al\u00e9m das medidas<br>cautelares cab\u00edveis e a aplica\u00e7\u00e3o no tempo do presente artigo de lei, diante de sua<br>natureza h\u00edbrida.<\/p>\n\n\n\n<p><strong>DATA<\/strong>: 2015<\/p>\n\n\n\n<p><strong>AUTOR:&nbsp;<\/strong>Arthur Aur\u00e9lio de Oliveira Muniz<\/p>\n\n\n\n<p><strong>ORIENTADOR:&nbsp;<\/strong>Bruno C\u00e9zar Cad\u00e9<\/p>\n\n\n\n<p><strong>TIPO DE PUBLICA\u00c7\u00c3O:&nbsp;<\/strong>Monografia<\/p>\n\n\n\n<p><strong>\u00c1REA DE CONHECIMENTO:\u00a0<\/strong>Ci\u00eancias Sociais \u2013 Direito<\/p>\n\n\n\n<div data-wp-interactive=\"\" class=\"wp-block-file\"><object data-wp-bind--hidden=\"!selectors.core.file.hasPdfPreview\" hidden class=\"wp-block-file__embed\" data=\"https:\/\/www.cesrei.edu.br\/repositorio\/wp-content\/uploads\/2022\/11\/ARTHUR-AURELIO-DE-OLIVEIRA-MUNIZ.pdf\" type=\"application\/pdf\" style=\"width:100%;height:600px\" aria-label=\"Incorporado de Incorporado de ARTHUR-AURELIO-DE-OLIVEIRA-MUNIZ..\"><\/object><a id=\"wp-block-file--media-76773a2f-4dd8-4f0e-8432-0bc0cc29dafd\" href=\"https:\/\/www.cesrei.edu.br\/repositorio\/wp-content\/uploads\/2022\/11\/ARTHUR-AURELIO-DE-OLIVEIRA-MUNIZ.pdf\">ARTHUR-AURELIO-DE-OLIVEIRA-MUNIZ<\/a><a href=\"https:\/\/www.cesrei.edu.br\/repositorio\/wp-content\/uploads\/2022\/11\/ARTHUR-AURELIO-DE-OLIVEIRA-MUNIZ.pdf\" class=\"wp-block-file__button\" download aria-describedby=\"wp-block-file--media-76773a2f-4dd8-4f0e-8432-0bc0cc29dafd\">Baixar<\/a><\/div>\n","protected":false},"excerpt":{"rendered":"<p>O presente trabalho trata da suspens\u00e3o da prescri\u00e7\u00e3o em face da cita\u00e7\u00e3o ficta doartigo 366 do C\u00f3digo de Processo Penal, ap\u00f3s as modifica\u00e7\u00f5es trazidas pelas Leisn.\u00ba 9.271\/1996 e n.\u00ba 11.719\/2008, que passaram a determinar que o processo e ocurso do prazo prescricional permanecer\u00e3o suspensos, caso o acusado, citado poredital, n\u00e3o compare\u00e7a e nem constitua advogado. [&hellip;]<\/p>\n","protected":false},"author":1,"featured_media":0,"comment_status":"open","ping_status":"open","sticky":false,"template":"","format":"standard","meta":{"footnotes":""},"categories":[5],"tags":[15,10],"_links":{"self":[{"href":"https:\/\/www.cesrei.edu.br\/repositorio\/wp-json\/wp\/v2\/posts\/2354"}],"collection":[{"href":"https:\/\/www.cesrei.edu.br\/repositorio\/wp-json\/wp\/v2\/posts"}],"about":[{"href":"https:\/\/www.cesrei.edu.br\/repositorio\/wp-json\/wp\/v2\/types\/post"}],"author":[{"embeddable":true,"href":"https:\/\/www.cesrei.edu.br\/repositorio\/wp-json\/wp\/v2\/users\/1"}],"replies":[{"embeddable":true,"href":"https:\/\/www.cesrei.edu.br\/repositorio\/wp-json\/wp\/v2\/comments?post=2354"}],"version-history":[{"count":0,"href":"https:\/\/www.cesrei.edu.br\/repositorio\/wp-json\/wp\/v2\/posts\/2354\/revisions"}],"wp:attachment":[{"href":"https:\/\/www.cesrei.edu.br\/repositorio\/wp-json\/wp\/v2\/media?parent=2354"}],"wp:term":[{"taxonomy":"category","embeddable":true,"href":"https:\/\/www.cesrei.edu.br\/repositorio\/wp-json\/wp\/v2\/categories?post=2354"},{"taxonomy":"post_tag","embeddable":true,"href":"https:\/\/www.cesrei.edu.br\/repositorio\/wp-json\/wp\/v2\/tags?post=2354"}],"curies":[{"name":"wp","href":"https:\/\/api.w.org\/{rel}","templated":true}]}}