{"id":2351,"date":"2015-12-29T17:26:00","date_gmt":"2015-12-29T19:26:00","guid":{"rendered":"http:\/\/www.cesrei.edu.br\/repositorio\/?p=2351"},"modified":"2022-11-29T17:30:29","modified_gmt":"2022-11-29T20:30:29","slug":"automacao-e-emprego-analise-critica-do-inciso-xxvii-do-artigo-7o-da-constituicao-federal-de-1988","status":"publish","type":"post","link":"https:\/\/www.cesrei.edu.br\/repositorio\/2015\/12\/29\/automacao-e-emprego-analise-critica-do-inciso-xxvii-do-artigo-7o-da-constituicao-federal-de-1988\/","title":{"rendered":"Automa\u00e7\u00e3o e emprego: an\u00e1lise cr\u00edtica do inciso XXVII do artigo 7\u00ba da Constitui\u00e7\u00e3o Federal de 1988"},"content":{"rendered":"\n<p>O presente trabalho tem por escopo analisar o processo de automa\u00e7\u00e3o e seus reflexos nas<br>rela\u00e7\u00f5es de emprego. Dada a amplitude e o car\u00e1ter interdisciplinar do tema, a pesquisa limitase a um enfoque constitucional-trabalhista sobre o inciso XXVII do artigo 7\u00ba da Constitui\u00e7\u00e3o<br>Federal de 1988. O aludido inciso, inserido em meio aos direitos sociais, assegura aos<br>trabalhadores, urbanos e rurais, uma prote\u00e7\u00e3o frente aos impactos da automa\u00e7\u00e3o. No entanto,<br>sendo a referida norma de efic\u00e1cia limitada, a problem\u00e1tica surge justamente em virtude da falta<br>de regulamenta\u00e7\u00e3o do dispositivo supracitado. O objetivo do estudo se deteve em descobrir<br>meios pelos quais o direito possa garantir uma efetiva prote\u00e7\u00e3o ao trabalhador em face da<br>automa\u00e7\u00e3o. Para isso, o trabalho se desenvolve em quatro partes. O cap\u00edtulo primeiro traz<br>algumas conceitua\u00e7\u00f5es de gram\u00e1ticos e doutrinadores sobre o tema, al\u00e9m de um breve hist\u00f3rico<br>da automa\u00e7\u00e3o. No cap\u00edtulo seguinte, \u00e9 reservado um espa\u00e7o para uma abordagem geral sobre<br>os direitos sociais, destacando sua import\u00e2ncia e aplicabilidade. Ainda no cap\u00edtulo segundo,<br>busca-se enquadrar o direito \u00e0 prote\u00e7\u00e3o em face da automa\u00e7\u00e3o no \u00e2mbito das variadas<br>dimens\u00f5es dos direitos fundamentais. Segue-se, ent\u00e3o, o cap\u00edtulo terceiro, ressaltando os<br>principais efeitos, ben\u00e9ficos e danosos, do processo de automa\u00e7\u00e3o e enfatizando a import\u00e2ncia<br>dos sindicatos para garantir uma m\u00ednima seguran\u00e7a ao trabalhador. Finalmente, o cap\u00edtulo<br>quarto \u00e9 dedicado \u00e0 an\u00e1lise do inciso XXVII do artigo 7\u00ba da Carta Magna.<\/p>\n\n\n\n<p><strong>DATA<\/strong>: 2015<\/p>\n\n\n\n<p><strong>AUTOR:&nbsp;<\/strong>Aroldo Alexandre Alves<\/p>\n\n\n\n<p><strong>ORIENTADOR:&nbsp;<\/strong>Rodrigo Ara\u00fajo Re\u00fcl<\/p>\n\n\n\n<p><strong>TIPO DE PUBLICA\u00c7\u00c3O:&nbsp;<\/strong>Monografia<\/p>\n\n\n\n<p><strong>\u00c1REA DE CONHECIMENTO:\u00a0<\/strong>Ci\u00eancias Sociais \u2013 Direito<\/p>\n\n\n\n<div data-wp-interactive=\"\" class=\"wp-block-file\"><object data-wp-bind--hidden=\"!selectors.core.file.hasPdfPreview\" hidden class=\"wp-block-file__embed\" data=\"https:\/\/www.cesrei.edu.br\/repositorio\/wp-content\/uploads\/2022\/11\/AROLDO-ALEXANDRE-ALVES.pdf\" type=\"application\/pdf\" style=\"width:100%;height:600px\" aria-label=\"Incorporado de Incorporado de AROLDO-ALEXANDRE-ALVES..\"><\/object><a id=\"wp-block-file--media-190b2556-3afb-4121-a921-eaf70eadaa9d\" href=\"https:\/\/www.cesrei.edu.br\/repositorio\/wp-content\/uploads\/2022\/11\/AROLDO-ALEXANDRE-ALVES.pdf\">AROLDO-ALEXANDRE-ALVES<\/a><a href=\"https:\/\/www.cesrei.edu.br\/repositorio\/wp-content\/uploads\/2022\/11\/AROLDO-ALEXANDRE-ALVES.pdf\" class=\"wp-block-file__button\" download aria-describedby=\"wp-block-file--media-190b2556-3afb-4121-a921-eaf70eadaa9d\">Baixar<\/a><\/div>\n","protected":false},"excerpt":{"rendered":"<p>O presente trabalho tem por escopo analisar o processo de automa\u00e7\u00e3o e seus reflexos nasrela\u00e7\u00f5es de emprego. Dada a amplitude e o car\u00e1ter interdisciplinar do tema, a pesquisa limitase a um enfoque constitucional-trabalhista sobre o inciso XXVII do artigo 7\u00ba da Constitui\u00e7\u00e3oFederal de 1988. O aludido inciso, inserido em meio aos direitos sociais, assegura aostrabalhadores, [&hellip;]<\/p>\n","protected":false},"author":1,"featured_media":0,"comment_status":"open","ping_status":"open","sticky":false,"template":"","format":"standard","meta":{"footnotes":""},"categories":[5],"tags":[15,10],"_links":{"self":[{"href":"https:\/\/www.cesrei.edu.br\/repositorio\/wp-json\/wp\/v2\/posts\/2351"}],"collection":[{"href":"https:\/\/www.cesrei.edu.br\/repositorio\/wp-json\/wp\/v2\/posts"}],"about":[{"href":"https:\/\/www.cesrei.edu.br\/repositorio\/wp-json\/wp\/v2\/types\/post"}],"author":[{"embeddable":true,"href":"https:\/\/www.cesrei.edu.br\/repositorio\/wp-json\/wp\/v2\/users\/1"}],"replies":[{"embeddable":true,"href":"https:\/\/www.cesrei.edu.br\/repositorio\/wp-json\/wp\/v2\/comments?post=2351"}],"version-history":[{"count":0,"href":"https:\/\/www.cesrei.edu.br\/repositorio\/wp-json\/wp\/v2\/posts\/2351\/revisions"}],"wp:attachment":[{"href":"https:\/\/www.cesrei.edu.br\/repositorio\/wp-json\/wp\/v2\/media?parent=2351"}],"wp:term":[{"taxonomy":"category","embeddable":true,"href":"https:\/\/www.cesrei.edu.br\/repositorio\/wp-json\/wp\/v2\/categories?post=2351"},{"taxonomy":"post_tag","embeddable":true,"href":"https:\/\/www.cesrei.edu.br\/repositorio\/wp-json\/wp\/v2\/tags?post=2351"}],"curies":[{"name":"wp","href":"https:\/\/api.w.org\/{rel}","templated":true}]}}